{"id":42540,"date":"2025-01-07T22:20:22","date_gmt":"2025-01-07T21:20:22","guid":{"rendered":"https:\/\/www.monicacerutti.com\/?p=42540"},"modified":"2025-10-14T16:14:43","modified_gmt":"2025-10-14T15:14:43","slug":"gender-balance-on-metas-board-of-directors","status":"publish","type":"post","link":"https:\/\/www.monicacerutti.com\/en\/gender-balance-on-metas-board-of-directors\/","title":{"rendered":"Gender balance on Meta&#8217;s board of directors?"},"content":{"rendered":"<div class=\"wpb-content-wrapper\"><p>[vc_row][vc_column][vc_single_image source=&#8221;featured_image&#8221; img_size=&#8221;full&#8221; css=&#8221;&#8221;]<div class=\"dfd-spacer-module\"  data-units=\"px\" data-wide_resolution=\"1280\" data-wide_size=\"40\" data-normal_resolution=\"1024\" data-normal_size=\"40\" data-tablet_resolution=\"800\" data-tablet_size=\"20\" data-mobile_resolution=\"480\" data-mobile_size=\"20\" style=\"height: 40px;\"><\/div>[vc_column_text css=&#8221;&#8221;]Three new additions to Meta&#8217;s board of directors.<\/p>\n<p>Today&#8217;s tech news is Mark Zuckerberg&#8217;s company announcing the addition of John Elkann, chairman of Stellantis, to Meta&#8217;s board of directors, along with Dana White, president and CEO of UFC, the world&#8217;s leading mixed martial arts organization, and Charlie Songhurst, a technology investor with investments in over 500 startups globally.<\/p>\n<p>The three new board members join founder Zuckerberg: Peggy Alford (formerly Executive Vice President, Global Sales, at PayPal), Marc Andreessen (Andreessen Horowitz), John Arnold (co-founder of Arnold Ventures), Drew Houston (co-founder and CEO of Dropbox), Nancy Killefer (retired senior partner of McKinsey Company), Robert Kimmitt (lead independent director of Meta and senior international counsel at WilmerHale), Hock Tan (president and CEO of Broadcom), Tracey Travis (special adviser to the CEO of The Este&#8217;e Lauder Companies), and Tony Xu (co-founder and CEO of DoorDash). (Source: <a href=\"https:\/\/www.borsaitaliana.it\/borsa\/notizie\/archivi\/radiocor.html\">Borsa Italiana<\/a>)<\/p>\n<p>Meta&#8217;s board of directors currently has <strong>13 members, of which only three are women: Peggy Alford, Nancy Killefer, and Tracey T. Travis, making female representation 23%.<\/strong><\/p>\n<p>Although Meta is not directly subject to European regulations, as a US company, we are far from the percentages established by the <a href=\"https:\/\/www.consilium.europa.eu\/en\/policies\/gender-balance-corporate-boards\/\">European Union&#8217;s Gender Balance on Corporate Boards Directive<\/a>:<\/p>\n<ul>\n<li>40% of non-executive directorships must be held by the underrepresented gender, or<\/li>\n<li>33% of total board seats (including executive and non-executive) must be reserved for the underrepresented gender.<\/li>\n<\/ul>\n<p>&nbsp;<\/p>\n<p>Meta should increase the number of women on its board to at least five out of 13 to meet the 33% target, although it should be noted that it is already showing progress compared to the standards of the tech industry, where gender parity is still far from being achieved.<\/p>\n<p>Gender diversity is no longer an option, but a necessity for modern and responsible companies. Meta could seize this opportunity to contribute to a cultural shift in the tech sector, which is crucial in shaping our future.[\/vc_column_text]<div class=\"dfd-spacer-module\"  data-units=\"px\" data-wide_resolution=\"1280\" data-wide_size=\"40\" data-normal_resolution=\"1024\" data-normal_size=\"40\" data-tablet_resolution=\"800\" data-tablet_size=\"20\" data-mobile_resolution=\"480\" data-mobile_size=\"20\" style=\"height: 40px;\"><\/div>[\/vc_column][\/vc_row]<\/p>\n<\/div>","protected":false},"excerpt":{"rendered":"<p>[vc_row][vc_column][vc_single_image source=&#8221;featured_image&#8221; img_size=&#8221;full&#8221; css=&#8221;&#8221;][vc_column_text css=&#8221;&#8221;]Three new additions to Meta&#8217;s board of directors. Today&#8217;s tech news is Mark Zuckerberg&#8217;s company announcing the addition of John Elkann, chairman of Stellantis, to Meta&#8217;s&hellip; <a class=\"continue\" href=\"https:\/\/www.monicacerutti.com\/en\/gender-balance-on-metas-board-of-directors\/\">Continua a leggere<span> Gender balance on Meta&#8217;s board of directors?<\/span><\/a><\/p>\n","protected":false},"author":4,"featured_media":42541,"comment_status":"closed","ping_status":"closed","sticky":false,"template":"","format":"standard","meta":{"footnotes":""},"categories":[3605,3610],"tags":[3614,3615,3616,3618,3619,3622,3625],"class_list":["post-42540","post","type-post","status-publish","format-standard","has-post-thumbnail","hentry","category-gender-equality","category-the-world-of-artificial-intelligence","tag-gender","tag-gender-equality","tag-gender-gap","tag-parita","tag-parita-di-genere","tag-parita-genere","tag-stereotipi"],"yoast_head":"<!-- This site is optimized with the Yoast SEO plugin v26.5 - https:\/\/yoast.com\/wordpress\/plugins\/seo\/ -->\n<title>Gender balance on Meta&#039;s board of directors? - Monica Cerutti<\/title>\n<meta name=\"robots\" content=\"index, follow, max-snippet:-1, max-image-preview:large, max-video-preview:-1\" \/>\n<link rel=\"canonical\" href=\"https:\/\/www.monicacerutti.com\/en\/gender-balance-on-metas-board-of-directors\/\" \/>\n<meta property=\"og:locale\" content=\"en_US\" \/>\n<meta property=\"og:type\" content=\"article\" \/>\n<meta property=\"og:title\" content=\"Gender balance on Meta&#039;s board of directors? - Monica Cerutti\" \/>\n<meta property=\"og:description\" content=\"[vc_row][vc_column][vc_single_image source=&#8221;featured_image&#8221; img_size=&#8221;full&#8221; css=&#8221;&#8221;][vc_column_text css=&#8221;&#8221;]Three new additions to Meta&#8217;s board of directors. Today&#8217;s tech news is Mark Zuckerberg&#8217;s company announcing the addition of John Elkann, chairman of Stellantis, to Meta&#8217;s&hellip; Continua a leggere Gender balance on Meta&#8217;s board of directors?\" \/>\n<meta property=\"og:url\" content=\"https:\/\/www.monicacerutti.com\/en\/gender-balance-on-metas-board-of-directors\/\" \/>\n<meta property=\"og:site_name\" content=\"Monica Cerutti\" \/>\n<meta property=\"article:published_time\" content=\"2025-01-07T21:20:22+00:00\" \/>\n<meta property=\"article:modified_time\" content=\"2025-10-14T15:14:43+00:00\" \/>\n<meta property=\"og:image\" content=\"https:\/\/www.monicacerutti.com\/wp-content\/uploads\/2025\/01\/WhatsApp-Image-2025-01-07-at-14.12.19.jpeg\" \/>\n\t<meta property=\"og:image:width\" content=\"1146\" \/>\n\t<meta property=\"og:image:height\" content=\"536\" \/>\n\t<meta property=\"og:image:type\" content=\"image\/jpeg\" \/>\n<meta name=\"author\" content=\"Monica Cerutti\" \/>\n<meta name=\"twitter:card\" content=\"summary_large_image\" \/>\n<meta name=\"twitter:label1\" content=\"Written by\" \/>\n\t<meta name=\"twitter:data1\" content=\"Monica Cerutti\" \/>\n\t<meta name=\"twitter:label2\" content=\"Est. reading time\" \/>\n\t<meta name=\"twitter:data2\" content=\"2 minutes\" \/>\n<script type=\"application\/ld+json\" class=\"yoast-schema-graph\">{\"@context\":\"https:\/\/schema.org\",\"@graph\":[{\"@type\":\"Article\",\"@id\":\"https:\/\/www.monicacerutti.com\/en\/gender-balance-on-metas-board-of-directors\/#article\",\"isPartOf\":{\"@id\":\"https:\/\/www.monicacerutti.com\/en\/gender-balance-on-metas-board-of-directors\/\"},\"author\":{\"name\":\"Monica Cerutti\",\"@id\":\"https:\/\/www.monicacerutti.com\/#\/schema\/person\/3cc6a376e34a1f7d7e5815d0281ddc9e\"},\"headline\":\"Gender balance on Meta&#8217;s board of directors?\",\"datePublished\":\"2025-01-07T21:20:22+00:00\",\"dateModified\":\"2025-10-14T15:14:43+00:00\",\"mainEntityOfPage\":{\"@id\":\"https:\/\/www.monicacerutti.com\/en\/gender-balance-on-metas-board-of-directors\/\"},\"wordCount\":410,\"publisher\":{\"@id\":\"https:\/\/www.monicacerutti.com\/#\/schema\/person\/3cc6a376e34a1f7d7e5815d0281ddc9e\"},\"image\":{\"@id\":\"https:\/\/www.monicacerutti.com\/en\/gender-balance-on-metas-board-of-directors\/#primaryimage\"},\"thumbnailUrl\":\"https:\/\/www.monicacerutti.com\/wp-content\/uploads\/2025\/01\/WhatsApp-Image-2025-01-07-at-14.12.19.jpeg\",\"keywords\":[\"gender\",\"gender equality\",\"gender gap\",\"parit\u00e0\",\"parit\u00e0 di genere\",\"parit\u00e0 genere\",\"stereotipi\"],\"articleSection\":[\"Gender Equality\",\"The World of Artificial Intelligence\"],\"inLanguage\":\"en-US\"},{\"@type\":\"WebPage\",\"@id\":\"https:\/\/www.monicacerutti.com\/en\/gender-balance-on-metas-board-of-directors\/\",\"url\":\"https:\/\/www.monicacerutti.com\/en\/gender-balance-on-metas-board-of-directors\/\",\"name\":\"Gender balance on Meta's board of directors? - Monica Cerutti\",\"isPartOf\":{\"@id\":\"https:\/\/www.monicacerutti.com\/#website\"},\"primaryImageOfPage\":{\"@id\":\"https:\/\/www.monicacerutti.com\/en\/gender-balance-on-metas-board-of-directors\/#primaryimage\"},\"image\":{\"@id\":\"https:\/\/www.monicacerutti.com\/en\/gender-balance-on-metas-board-of-directors\/#primaryimage\"},\"thumbnailUrl\":\"https:\/\/www.monicacerutti.com\/wp-content\/uploads\/2025\/01\/WhatsApp-Image-2025-01-07-at-14.12.19.jpeg\",\"datePublished\":\"2025-01-07T21:20:22+00:00\",\"dateModified\":\"2025-10-14T15:14:43+00:00\",\"breadcrumb\":{\"@id\":\"https:\/\/www.monicacerutti.com\/en\/gender-balance-on-metas-board-of-directors\/#breadcrumb\"},\"inLanguage\":\"en-US\",\"potentialAction\":[{\"@type\":\"ReadAction\",\"target\":[\"https:\/\/www.monicacerutti.com\/en\/gender-balance-on-metas-board-of-directors\/\"]}]},{\"@type\":\"ImageObject\",\"inLanguage\":\"en-US\",\"@id\":\"https:\/\/www.monicacerutti.com\/en\/gender-balance-on-metas-board-of-directors\/#primaryimage\",\"url\":\"https:\/\/www.monicacerutti.com\/wp-content\/uploads\/2025\/01\/WhatsApp-Image-2025-01-07-at-14.12.19.jpeg\",\"contentUrl\":\"https:\/\/www.monicacerutti.com\/wp-content\/uploads\/2025\/01\/WhatsApp-Image-2025-01-07-at-14.12.19.jpeg\",\"width\":1146,\"height\":536},{\"@type\":\"BreadcrumbList\",\"@id\":\"https:\/\/www.monicacerutti.com\/en\/gender-balance-on-metas-board-of-directors\/#breadcrumb\",\"itemListElement\":[{\"@type\":\"ListItem\",\"position\":1,\"name\":\"Home\",\"item\":\"https:\/\/www.monicacerutti.com\/en\/\"},{\"@type\":\"ListItem\",\"position\":2,\"name\":\"Gender balance on Meta&#8217;s board of directors?\"}]},{\"@type\":\"WebSite\",\"@id\":\"https:\/\/www.monicacerutti.com\/#website\",\"url\":\"https:\/\/www.monicacerutti.com\/\",\"name\":\"Monica Cerutti\",\"description\":\"Innovare per un futuro pi\u00f9 inclusivo\",\"publisher\":{\"@id\":\"https:\/\/www.monicacerutti.com\/#\/schema\/person\/3cc6a376e34a1f7d7e5815d0281ddc9e\"},\"potentialAction\":[{\"@type\":\"SearchAction\",\"target\":{\"@type\":\"EntryPoint\",\"urlTemplate\":\"https:\/\/www.monicacerutti.com\/?s={search_term_string}\"},\"query-input\":{\"@type\":\"PropertyValueSpecification\",\"valueRequired\":true,\"valueName\":\"search_term_string\"}}],\"inLanguage\":\"en-US\"},{\"@type\":[\"Person\",\"Organization\"],\"@id\":\"https:\/\/www.monicacerutti.com\/#\/schema\/person\/3cc6a376e34a1f7d7e5815d0281ddc9e\",\"name\":\"Monica Cerutti\",\"image\":{\"@type\":\"ImageObject\",\"inLanguage\":\"en-US\",\"@id\":\"https:\/\/www.monicacerutti.com\/#\/schema\/person\/image\/\",\"url\":\"https:\/\/www.monicacerutti.com\/wp-content\/uploads\/2024\/10\/logo-monica-cerutti-sm-footer.png\",\"contentUrl\":\"https:\/\/www.monicacerutti.com\/wp-content\/uploads\/2024\/10\/logo-monica-cerutti-sm-footer.png\",\"width\":250,\"height\":74,\"caption\":\"Monica Cerutti\"},\"logo\":{\"@id\":\"https:\/\/www.monicacerutti.com\/#\/schema\/person\/image\/\"},\"url\":\"https:\/\/www.monicacerutti.com\/en\/author\/monica\/\"}]}<\/script>\n<!-- \/ Yoast SEO plugin. -->","yoast_head_json":{"title":"Gender balance on Meta's board of directors? - Monica Cerutti","robots":{"index":"index","follow":"follow","max-snippet":"max-snippet:-1","max-image-preview":"max-image-preview:large","max-video-preview":"max-video-preview:-1"},"canonical":"https:\/\/www.monicacerutti.com\/en\/gender-balance-on-metas-board-of-directors\/","og_locale":"en_US","og_type":"article","og_title":"Gender balance on Meta's board of directors? - Monica Cerutti","og_description":"[vc_row][vc_column][vc_single_image source=&#8221;featured_image&#8221; img_size=&#8221;full&#8221; css=&#8221;&#8221;][vc_column_text css=&#8221;&#8221;]Three new additions to Meta&#8217;s board of directors. Today&#8217;s tech news is Mark Zuckerberg&#8217;s company announcing the addition of John Elkann, chairman of Stellantis, to Meta&#8217;s&hellip; Continua a leggere Gender balance on Meta&#8217;s board of directors?","og_url":"https:\/\/www.monicacerutti.com\/en\/gender-balance-on-metas-board-of-directors\/","og_site_name":"Monica Cerutti","article_published_time":"2025-01-07T21:20:22+00:00","article_modified_time":"2025-10-14T15:14:43+00:00","og_image":[{"width":1146,"height":536,"url":"https:\/\/www.monicacerutti.com\/wp-content\/uploads\/2025\/01\/WhatsApp-Image-2025-01-07-at-14.12.19.jpeg","type":"image\/jpeg"}],"author":"Monica Cerutti","twitter_card":"summary_large_image","twitter_misc":{"Written by":"Monica Cerutti","Est. reading time":"2 minutes"},"schema":{"@context":"https:\/\/schema.org","@graph":[{"@type":"Article","@id":"https:\/\/www.monicacerutti.com\/en\/gender-balance-on-metas-board-of-directors\/#article","isPartOf":{"@id":"https:\/\/www.monicacerutti.com\/en\/gender-balance-on-metas-board-of-directors\/"},"author":{"name":"Monica Cerutti","@id":"https:\/\/www.monicacerutti.com\/#\/schema\/person\/3cc6a376e34a1f7d7e5815d0281ddc9e"},"headline":"Gender balance on Meta&#8217;s board of directors?","datePublished":"2025-01-07T21:20:22+00:00","dateModified":"2025-10-14T15:14:43+00:00","mainEntityOfPage":{"@id":"https:\/\/www.monicacerutti.com\/en\/gender-balance-on-metas-board-of-directors\/"},"wordCount":410,"publisher":{"@id":"https:\/\/www.monicacerutti.com\/#\/schema\/person\/3cc6a376e34a1f7d7e5815d0281ddc9e"},"image":{"@id":"https:\/\/www.monicacerutti.com\/en\/gender-balance-on-metas-board-of-directors\/#primaryimage"},"thumbnailUrl":"https:\/\/www.monicacerutti.com\/wp-content\/uploads\/2025\/01\/WhatsApp-Image-2025-01-07-at-14.12.19.jpeg","keywords":["gender","gender equality","gender gap","parit\u00e0","parit\u00e0 di genere","parit\u00e0 genere","stereotipi"],"articleSection":["Gender Equality","The World of Artificial Intelligence"],"inLanguage":"en-US"},{"@type":"WebPage","@id":"https:\/\/www.monicacerutti.com\/en\/gender-balance-on-metas-board-of-directors\/","url":"https:\/\/www.monicacerutti.com\/en\/gender-balance-on-metas-board-of-directors\/","name":"Gender balance on Meta's board of directors? - Monica Cerutti","isPartOf":{"@id":"https:\/\/www.monicacerutti.com\/#website"},"primaryImageOfPage":{"@id":"https:\/\/www.monicacerutti.com\/en\/gender-balance-on-metas-board-of-directors\/#primaryimage"},"image":{"@id":"https:\/\/www.monicacerutti.com\/en\/gender-balance-on-metas-board-of-directors\/#primaryimage"},"thumbnailUrl":"https:\/\/www.monicacerutti.com\/wp-content\/uploads\/2025\/01\/WhatsApp-Image-2025-01-07-at-14.12.19.jpeg","datePublished":"2025-01-07T21:20:22+00:00","dateModified":"2025-10-14T15:14:43+00:00","breadcrumb":{"@id":"https:\/\/www.monicacerutti.com\/en\/gender-balance-on-metas-board-of-directors\/#breadcrumb"},"inLanguage":"en-US","potentialAction":[{"@type":"ReadAction","target":["https:\/\/www.monicacerutti.com\/en\/gender-balance-on-metas-board-of-directors\/"]}]},{"@type":"ImageObject","inLanguage":"en-US","@id":"https:\/\/www.monicacerutti.com\/en\/gender-balance-on-metas-board-of-directors\/#primaryimage","url":"https:\/\/www.monicacerutti.com\/wp-content\/uploads\/2025\/01\/WhatsApp-Image-2025-01-07-at-14.12.19.jpeg","contentUrl":"https:\/\/www.monicacerutti.com\/wp-content\/uploads\/2025\/01\/WhatsApp-Image-2025-01-07-at-14.12.19.jpeg","width":1146,"height":536},{"@type":"BreadcrumbList","@id":"https:\/\/www.monicacerutti.com\/en\/gender-balance-on-metas-board-of-directors\/#breadcrumb","itemListElement":[{"@type":"ListItem","position":1,"name":"Home","item":"https:\/\/www.monicacerutti.com\/en\/"},{"@type":"ListItem","position":2,"name":"Gender balance on Meta&#8217;s board of directors?"}]},{"@type":"WebSite","@id":"https:\/\/www.monicacerutti.com\/#website","url":"https:\/\/www.monicacerutti.com\/","name":"Monica Cerutti","description":"Innovare per un futuro pi\u00f9 inclusivo","publisher":{"@id":"https:\/\/www.monicacerutti.com\/#\/schema\/person\/3cc6a376e34a1f7d7e5815d0281ddc9e"},"potentialAction":[{"@type":"SearchAction","target":{"@type":"EntryPoint","urlTemplate":"https:\/\/www.monicacerutti.com\/?s={search_term_string}"},"query-input":{"@type":"PropertyValueSpecification","valueRequired":true,"valueName":"search_term_string"}}],"inLanguage":"en-US"},{"@type":["Person","Organization"],"@id":"https:\/\/www.monicacerutti.com\/#\/schema\/person\/3cc6a376e34a1f7d7e5815d0281ddc9e","name":"Monica Cerutti","image":{"@type":"ImageObject","inLanguage":"en-US","@id":"https:\/\/www.monicacerutti.com\/#\/schema\/person\/image\/","url":"https:\/\/www.monicacerutti.com\/wp-content\/uploads\/2024\/10\/logo-monica-cerutti-sm-footer.png","contentUrl":"https:\/\/www.monicacerutti.com\/wp-content\/uploads\/2024\/10\/logo-monica-cerutti-sm-footer.png","width":250,"height":74,"caption":"Monica Cerutti"},"logo":{"@id":"https:\/\/www.monicacerutti.com\/#\/schema\/person\/image\/"},"url":"https:\/\/www.monicacerutti.com\/en\/author\/monica\/"}]}},"_links":{"self":[{"href":"https:\/\/www.monicacerutti.com\/en\/wp-json\/wp\/v2\/posts\/42540","targetHints":{"allow":["GET"]}}],"collection":[{"href":"https:\/\/www.monicacerutti.com\/en\/wp-json\/wp\/v2\/posts"}],"about":[{"href":"https:\/\/www.monicacerutti.com\/en\/wp-json\/wp\/v2\/types\/post"}],"author":[{"embeddable":true,"href":"https:\/\/www.monicacerutti.com\/en\/wp-json\/wp\/v2\/users\/4"}],"replies":[{"embeddable":true,"href":"https:\/\/www.monicacerutti.com\/en\/wp-json\/wp\/v2\/comments?post=42540"}],"version-history":[{"count":1,"href":"https:\/\/www.monicacerutti.com\/en\/wp-json\/wp\/v2\/posts\/42540\/revisions"}],"predecessor-version":[{"id":42542,"href":"https:\/\/www.monicacerutti.com\/en\/wp-json\/wp\/v2\/posts\/42540\/revisions\/42542"}],"wp:featuredmedia":[{"embeddable":true,"href":"https:\/\/www.monicacerutti.com\/en\/wp-json\/wp\/v2\/media\/42541"}],"wp:attachment":[{"href":"https:\/\/www.monicacerutti.com\/en\/wp-json\/wp\/v2\/media?parent=42540"}],"wp:term":[{"taxonomy":"category","embeddable":true,"href":"https:\/\/www.monicacerutti.com\/en\/wp-json\/wp\/v2\/categories?post=42540"},{"taxonomy":"post_tag","embeddable":true,"href":"https:\/\/www.monicacerutti.com\/en\/wp-json\/wp\/v2\/tags?post=42540"}],"curies":[{"name":"wp","href":"https:\/\/api.w.org\/{rel}","templated":true}]}}